{"id":383156,"date":"2025-08-01T18:30:05","date_gmt":"2025-08-01T09:30:05","guid":{"rendered":"https:\/\/soccer.matome-21.info\/?p=383156"},"modified":"2025-08-01T18:30:05","modified_gmt":"2025-08-01T09:30:05","slug":"%e2%97%86%e3%83%99%e3%83%ab%e3%82%ae%e3%83%bc%e2%97%86%e3%82%b9%e3%82%bf%e3%83%83%e3%83%89%e3%83%bb%e3%83%a9%e3%83%b3%e3%82%b9fw%e4%bc%8a%e6%9d%b1%e7%b4%94%e4%b9%9f%e3%80%81%e5%8f%a4%e5%b7%a3krc","status":"publish","type":"post","link":"https:\/\/soccer.matome-21.info\/?p=383156","title":{"rendered":"\u25c6\u30d9\u30eb\u30ae\u30fc\u25c6\u30b9\u30bf\u30c3\u30c9\u30fb\u30e9\u30f3\u30b9FW\u4f0a\u6771\u7d14\u4e5f\u3001\u53e4\u5de3KRC\u30b2\u30f3\u30af\u5fa9\u5e30\u3067\u500b\u4eba\u5408\u610f\uff01\u79fb\u7c4d\u91d1\u20ac3\uff4d"},"content":{"rendered":"<div class=\"t_h\">429: <span>U-\u540d\u7121\u3057\u3055\u3093\uff20\uff3c(^o^)\uff0f<\/span> <span style=\"color: gray\"> 2025\/08\/01(\u91d1) 17:19:47.58 ID:6N2nVTMa0<\/span><\/div>\n<div class=\"t_b\">\n<blockquote class=\"twitter-tweet\">\n<p lang=\"fr\" dir=\"ltr\">&#x1f535;&#x1f1ef;&#x1f1f5; Junya Ito de retour au KRC Genk: \u00e7a se pr\u00e9cise! Le Japonais a trouv\u00e9 un accord personnel sur base d\u2019un contrat de 3 ans avec les Limbourgeois. <br \/>&#x1f534;&#x26aa;&#xfe0f; Le Stade de Reims a re\u00e7u une offre \u00e9crite et les n\u00e9gociations avec les Genkies sont avanc\u00e9es pour un deal proche de \u20ac3M. <br \/>&#x23f3;\u2026 <a href=\"https:\/\/t.co\/35Mvvyk9bt\">pic.twitter.com\/35Mvvyk9bt<\/a><\/p>\n<p>\u2014 Sacha Tavolieri (@sachatavolieri) <a href=\"https:\/\/twitter.com\/sachatavolieri\/status\/1951194205532860482?ref_src=twsrc%5Etfw\">August 1, 2025<\/a><\/p><\/blockquote>\n<p>  \u4f0a\u85e4\u7d14\u4e5f\u304cKRC\u30b2\u30f3\u30af\u306b\u5fa9\u5e30\uff1a\u5177\u4f53\u5316\u304c\u9032\u3080\uff01\u65e5\u672c\u4eba\u306f\u30ea\u30f3\u30d6\u30eb\u30d5\u306e\u30c1\u30fc\u30e0\u30683\u5e74\u9593\u306e\u5951\u7d04\u3092\u57fa\u306b\u3057\u305f\u500b\u4eba\u5408\u610f\u306b\u9054\u3057\u305f\u3002\u30b9\u30bf\u30c3\u30c9\u30fb\u30c9\u30fb\u30e9\u30f3\u30b9\u306f\u66f8\u9762\u3067\u306e\u30aa\u30d5\u30a1\u30fc\u3092\u53d7\u3051\u53d6\u308a\u3001\u30b2\u30f3\u30ad\u30fc\u30ba\u3068\u306e\u4ea4\u6e09\u306f\u7d04300\u4e07\u30e6\u30fc\u30ed\u306e\u53d6\u5f15\u306b\u5411\u3051\u3066\u9032\u3093\u3067\u3044\u308b\u3002 \u7d9a\u5831\u3092\u5f85\u3066\u2026\u3002 #mercato #JPL #SDR <\/p>\n<p> \u307b\u3046\u307b\u3046\u3001\u5de6\u6a2a\u5c71\u53f3\u4f0a\u85e4\u3082\u3042\u308b\u308f\u3051\u3060 <\/p><\/div>\n<p><\/p>\n<p style=\"color:gray;text-align:right\">\u5f15\u7528\u5143: <a href=\"https:\/\/kizuna.5ch.net\/test\/read.cgi\/soccer\/1753970977\/\" target=\"_blank\">https:\/\/kizuna.5ch.net\/test\/read.cgi\/soccer\/1753970977\/<\/a><\/p>\n<p><!-- Generated by \u307e\u3068\u3081\u304f\u3059 (https:\/\/2mtmex.com\/) --><a href=\"\/\/platform.twitter.com\/widgets.js\">\/\/platform.twitter.com\/widgets.js<\/a><br \/>\n<a href=\"https:\/\/worldfn.net\/archives\/62536741.html\">\u7d9a\u304d\u3092\u8aad\u3080<\/a><br \/>\nSource: WorldFootballNewS<\/p>\n","protected":false},"excerpt":{"rendered":"<p>429: U-\u540d\u7121\u3057\u3055\u3093\uff20\uff3c(^o^)\uff0f 2025\/08\/01(\u91d1) 17:19:47.58 ID:6N2nVTMa0 &#x1f535;&#x1f1ef;&#x1f1f5; Junya Ito de retour au &#8230; <a class=\"more\" href=\"https:\/\/soccer.matome-21.info\/?p=383156\">\u7d9a\u304d\u3092\u8aad\u3080 &raquo;<\/a><\/p>\n","protected":false},"author":4,"featured_media":0,"comment_status":"open","ping_status":"closed","sticky":false,"template":"","format":"standard","meta":{"_jetpack_memberships_contains_paid_content":false,"footnotes":"","jetpack_publicize_message":"","jetpack_publicize_feature_enabled":true,"jetpack_social_post_already_shared":true,"jetpack_social_options":{"image_generator_settings":{"template":"highway","default_image_id":0,"font":"","enabled":false},"version":2}},"categories":[4],"tags":[],"class_list":["post-383156","post","type-post","status-publish","format-standard","hentry","category-worldfootballnews"],"jetpack_publicize_connections":[],"jetpack_featured_media_url":"","jetpack_shortlink":"https:\/\/wp.me\/p9ZFT7-1BFW","jetpack_sharing_enabled":true,"_links":{"self":[{"href":"https:\/\/soccer.matome-21.info\/index.php?rest_route=\/wp\/v2\/posts\/383156","targetHints":{"allow":["GET"]}}],"collection":[{"href":"https:\/\/soccer.matome-21.info\/index.php?rest_route=\/wp\/v2\/posts"}],"about":[{"href":"https:\/\/soccer.matome-21.info\/index.php?rest_route=\/wp\/v2\/types\/post"}],"author":[{"embeddable":true,"href":"https:\/\/soccer.matome-21.info\/index.php?rest_route=\/wp\/v2\/users\/4"}],"replies":[{"embeddable":true,"href":"https:\/\/soccer.matome-21.info\/index.php?rest_route=%2Fwp%2Fv2%2Fcomments&post=383156"}],"version-history":[{"count":0,"href":"https:\/\/soccer.matome-21.info\/index.php?rest_route=\/wp\/v2\/posts\/383156\/revisions"}],"wp:attachment":[{"href":"https:\/\/soccer.matome-21.info\/index.php?rest_route=%2Fwp%2Fv2%2Fmedia&parent=383156"}],"wp:term":[{"taxonomy":"category","embeddable":true,"href":"https:\/\/soccer.matome-21.info\/index.php?rest_route=%2Fwp%2Fv2%2Fcategories&post=383156"},{"taxonomy":"post_tag","embeddable":true,"href":"https:\/\/soccer.matome-21.info\/index.php?rest_route=%2Fwp%2Fv2%2Ftags&post=383156"}],"curies":[{"name":"wp","href":"https:\/\/api.w.org\/{rel}","templated":true}]}}