{"id":406959,"date":"2026-05-01T00:30:53","date_gmt":"2026-04-30T15:30:53","guid":{"rendered":"https:\/\/soccer.matome-21.info\/?p=406959"},"modified":"2026-05-01T00:30:53","modified_gmt":"2026-04-30T15:30:53","slug":"%e2%97%86%e6%82%b2%e5%a0%b1%e2%97%86%e3%83%91%e3%83%aa%e3%83%bb%e3%82%b5%e3%83%b3%e3%82%b8%e3%82%a7%e3%83%ab%e3%83%9e%e3%83%b3df%e3%82%a2%e3%82%af%e3%83%a9%e3%83%95%e3%83%bb%e3%83%8f%e3%82%ad%e3%83%9f","status":"publish","type":"post","link":"https:\/\/soccer.matome-21.info\/?p=406959","title":{"rendered":"\u25c6\u60b2\u5831\u25c6\u30d1\u30ea\u30fb\u30b5\u30f3\u30b8\u30a7\u30eb\u30de\u30f3DF\u30a2\u30af\u30e9\u30d5\u30fb\u30cf\u30ad\u30df\u3001\u30cf\u30e0\u30b9\u30c8\u30ea\u30f3\u30b0\u8ca0\u50b7\uff01\u5168\u6cbb3-6\u9031\u9593\u3001CL\u6e96\u6c7a\u52dd2nd\u6b20\u5834\u3001W\u676f\u306b\u3082\u6697\u96f2"},"content":{"rendered":"<div class=\"t_h\">793: <span>\u540d\u7121\u3057\u306b\u4eba\u7a2e\u306f\u306a\u3044\uff20\u5b9f\u6cc1OK<\/span> <span style=\"color: gray\"> 2026\/04\/30(\u6728) 06:36:21.70 ID:tFe+U1kZH<\/span><\/div>\n<div class=\"t_b\">\n<blockquote class=\"twitter-tweet\" data-media-max-width=\"560\">\n<p lang=\"es\" dir=\"ltr\"><a href=\"https:\/\/twitter.com\/hashtag\/F%C3%BAtbol?src=hash&amp;ref_src=twsrc%5Etfw\">#F\u00fatbol<\/a> |&#x1f6a8; \u00a1Baja sensible en el PSG! Achraf Hakimi se pierde el partido de vuelta ante el Bayern por una lesi\u00f3n en los isquiotibiales. El lateral marroqu\u00ed estar\u00e1 fuera de las canchas entre 3 y 6 semanas, encendiendo las alarmas tambi\u00e9n de cara al Mundial. M\u00e1s detalles. &#x2b07;&#xfe0f;&#x1f517;\u2026<\/p>\n<p>\u2014 Vanguardia (@vanguardiacom) <a href=\"https:\/\/twitter.com\/vanguardiacom\/status\/2049660003309723847?ref_src=twsrc%5Etfw\">April 30, 2026<\/a><\/p><\/blockquote>\n<p><\/p>\n<div style=\"border-radius: 2px;margin:2px 4px 2px 4px;padding:2px 5px 2px 5px;border:1px solid #808080;background-color:#ececec\">&#x1f6a8; \u30d1\u30ea\u30fb\u30b5\u30f3\u30b8\u30a7\u30eb\u30de\u30f3\u306e\u91cd\u5927\u306a\u4f4e\u4e0b\uff01\u30a2\u30b7\u30e5\u30e9\u30d5\u30fb\u30cf\u30ad\u30df\u304c\u30cf\u30e0\u30b9\u30c8\u30ea\u30f3\u30b0\u306e\u8ca0\u50b7\u3067\u30d0\u30a4\u30a8\u30eb\u30f3\u6226\u306e\u7b2c2\u30ec\u30b0\u3092\u6b20\u5834\u3002\u30e2\u30ed\u30c3\u30b3\u306e\u30b5\u30a4\u30c9\u30d0\u30c3\u30af\u306f3\u301c6\u9031\u9593\u30d4\u30c3\u30c1\u304b\u3089\u96e2\u308c\u308b\u3053\u3068\u306b\u306a\u308a\u3001\u30ef\u30fc\u30eb\u30c9\u30ab\u30c3\u30d7\u306b\u5411\u3051\u3066\u306e\u8b66\u5831\u3082\u9cf4\u308a\u97ff\u304f\u3002\u8a73\u7d30\u306f\u3053\u3061\u3089\u3002 <\/div>\n<\/div>\n<p><\/p>\n<p style=\"color:gray;text-align:right\">\u5f15\u7528\u5143: <a href=\"https:\/\/kizuna.5ch.io\/test\/read.cgi\/football\/1777286977\/\" target=\"_blank\">https:\/\/kizuna.5ch.io\/test\/read.cgi\/football\/1777286977\/<\/a><\/p>\n<p><!-- Generated by \u307e\u3068\u3081\u304f\u3059 (https:\/\/2mtmex.com\/) --><a href=\"\/\/platform.twitter.com\/widgets.js\">\/\/platform.twitter.com\/widgets.js<\/a><br \/>\n<a href=\"https:\/\/worldfn.net\/archives\/63177741.html\">\u7d9a\u304d\u3092\u8aad\u3080<\/a><br \/>\nSource: WorldFootballNewS<\/p>\n","protected":false},"excerpt":{"rendered":"<p>793: \u540d\u7121\u3057\u306b\u4eba\u7a2e\u306f\u306a\u3044\uff20\u5b9f\u6cc1OK 2026\/04\/30(\u6728) 06:36:21.70 ID:tFe+U1kZH #F\u00fatbol |&#x1f6a8; \u00a1Baja sensible en el PSG! Achraf &#8230; <a class=\"more\" href=\"https:\/\/soccer.matome-21.info\/?p=406959\">\u7d9a\u304d\u3092\u8aad\u3080 &raquo;<\/a><\/p>\n","protected":false},"author":4,"featured_media":0,"comment_status":"open","ping_status":"closed","sticky":false,"template":"","format":"standard","meta":{"_jetpack_memberships_contains_paid_content":false,"footnotes":"","jetpack_publicize_message":"","jetpack_publicize_feature_enabled":true,"jetpack_social_post_already_shared":true,"jetpack_social_options":{"image_generator_settings":{"template":"highway","default_image_id":0,"font":"","enabled":false},"version":2}},"categories":[4],"tags":[],"class_list":["post-406959","post","type-post","status-publish","format-standard","hentry","category-worldfootballnews"],"jetpack_publicize_connections":[],"jetpack_featured_media_url":"","jetpack_shortlink":"https:\/\/wp.me\/p9ZFT7-1HRR","jetpack_sharing_enabled":true,"_links":{"self":[{"href":"https:\/\/soccer.matome-21.info\/index.php?rest_route=\/wp\/v2\/posts\/406959","targetHints":{"allow":["GET"]}}],"collection":[{"href":"https:\/\/soccer.matome-21.info\/index.php?rest_route=\/wp\/v2\/posts"}],"about":[{"href":"https:\/\/soccer.matome-21.info\/index.php?rest_route=\/wp\/v2\/types\/post"}],"author":[{"embeddable":true,"href":"https:\/\/soccer.matome-21.info\/index.php?rest_route=\/wp\/v2\/users\/4"}],"replies":[{"embeddable":true,"href":"https:\/\/soccer.matome-21.info\/index.php?rest_route=%2Fwp%2Fv2%2Fcomments&post=406959"}],"version-history":[{"count":0,"href":"https:\/\/soccer.matome-21.info\/index.php?rest_route=\/wp\/v2\/posts\/406959\/revisions"}],"wp:attachment":[{"href":"https:\/\/soccer.matome-21.info\/index.php?rest_route=%2Fwp%2Fv2%2Fmedia&parent=406959"}],"wp:term":[{"taxonomy":"category","embeddable":true,"href":"https:\/\/soccer.matome-21.info\/index.php?rest_route=%2Fwp%2Fv2%2Fcategories&post=406959"},{"taxonomy":"post_tag","embeddable":true,"href":"https:\/\/soccer.matome-21.info\/index.php?rest_route=%2Fwp%2Fv2%2Ftags&post=406959"}],"curies":[{"name":"wp","href":"https:\/\/api.w.org\/{rel}","templated":true}]}}